[{"@context":"https:\/\/schema.org\/","@type":"Article","@id":"https:\/\/www.mezes.cz\/siroka-nabidka-a-skvela-cena\/#Article","mainEntityOfPage":"https:\/\/www.mezes.cz\/siroka-nabidka-a-skvela-cena\/","headline":"\u0160irok\u00e1 nab\u00eddka a skv\u011bl\u00e1 cena?","name":"\u0160irok\u00e1 nab\u00eddka a skv\u011bl\u00e1 cena?","description":"U n\u00e1s ano! Pokud si p\u0159ejte dovolenou v sekci \u201ehory ubytov\u00e1n\u00ed\u201c, tak v nab\u00eddce last minute najdete l\u00e1kav\u00e9 mo\u017enosti. V dne\u0161n\u00ed dob\u011b si last minute pobyty z\u00edsk\u00e1vaj\u00ed st\u00e1le nov\u00e9 a nov\u00e9 z\u00e1kazn\u00edky. U\u017e jste se rozhodli pro hory ubytov\u00e1n\u00ed v \u010cesk\u00e9 republice nebo v zahrani\u010d\u00ed? My sami \u0159\u00edk\u00e1me, pro\u010d jezdit mimo na\u0161i kr\u00e1snou vlast, kdy\u017e [&hellip;]","datePublished":"2025-02-27","dateModified":"2025-02-27","author":{"@type":"Person","@id":"https:\/\/www.mezes.cz\/author\/#Person","name":"","url":"https:\/\/www.mezes.cz\/author\/","identifier":1,"image":{"@type":"ImageObject","@id":"https:\/\/secure.gravatar.com\/avatar\/670235c08005d2f1b80a3d56a421809661de47ce0289bd1c93d0120f6ef211a4?s=96&d=mm&r=g","url":"https:\/\/secure.gravatar.com\/avatar\/670235c08005d2f1b80a3d56a421809661de47ce0289bd1c93d0120f6ef211a4?s=96&d=mm&r=g","height":96,"width":96}},"publisher":{"@type":"Organization","name":"mezes.cz","logo":{"@type":"ImageObject","@id":"\/logo.png","url":"\/logo.png","width":600,"height":60}},"url":"https:\/\/www.mezes.cz\/siroka-nabidka-a-skvela-cena\/","wordCount":181,"articleBody":"U n\u00e1s ano! Pokud si p\u0159ejte dovolenou v sekci \u201ehory ubytov\u00e1n\u00ed\u201c, tak v nab\u00eddce last minute najdete l\u00e1kav\u00e9 mo\u017enosti. V dne\u0161n\u00ed dob\u011b si last minute pobyty z\u00edsk\u00e1vaj\u00ed st\u00e1le nov\u00e9 a nov\u00e9 z\u00e1kazn\u00edky. U\u017e jste se rozhodli pro hory ubytov\u00e1n\u00ed v \u010cesk\u00e9 republice nebo v zahrani\u010d\u00ed? My sami \u0159\u00edk\u00e1me, pro\u010d jezdit mimo na\u0161i kr\u00e1snou vlast, kdy\u017e \u010desk\u00e9 p\u0159\u00edrodn\u00ed skvosty nab\u00edzej\u00ed tak n\u00e1dhern\u00e9 vyhl\u00eddky a v\u00fdtvory. Pln\u00edme dovolenou sn\u016f T\u011b\u0161\u00edte se na voln\u00e9 dny napln\u011bn\u00e9 relaxac\u00ed? N\u00e1\u0161 \u017eivot p\u0159eci nen\u00ed jen o tom chodit do pr\u00e1ce, ale hlavn\u011b o z\u00e1\u017eitc\u00edch a dovolen\u00e9! Nau\u010dte se relaxovat a odpo\u010d\u00edvat, v\u017edy\u0165 i to je um\u011bn\u00ed. Zabr\u00e1na je nasnad\u011b &#8211; nejsme p\u0159eci jen workoholici a otroci sv\u00e9 pr\u00e1ce, ale vy\u010dist\u011bte si hlavu. Hory ubytov\u00e1n\u00ed l\u00e1k\u00e1 svou volnost\u00ed a svobodou. Nemus\u00edte p\u0159eci m\u00edt nov\u00e9 konzumn\u00ed zbo\u017e\u00ed. Investujte do z\u00e1\u017eitk\u016f, kter\u00e9 v\u00e1m nikdo nevezme!                                                                                                                                                                                                                                                                                                                                                                                        5\/5 - (1 vote)        "},{"@context":"https:\/\/schema.org\/","@type":"BreadcrumbList","itemListElement":[{"@type":"ListItem","position":1,"name":"\u0160irok\u00e1 nab\u00eddka a skv\u011bl\u00e1 cena?","item":"https:\/\/www.mezes.cz\/siroka-nabidka-a-skvela-cena\/#breadcrumbitem"}]}]